{"id":186,"date":"2026-03-13T13:51:32","date_gmt":"2026-03-13T13:51:32","guid":{"rendered":"https:\/\/condeixaparapessoas.pt\/?p=186"},"modified":"2026-03-27T14:05:58","modified_gmt":"2026-03-27T14:05:58","slug":"comboios-a-pe-e-de-bicicicleta","status":"publish","type":"post","link":"https:\/\/condeixaparapessoas.pt\/index.php\/2026\/03\/13\/comboios-a-pe-e-de-bicicicleta\/","title":{"rendered":"Comboios a P\u00e9 e de Bicicleta"},"content":{"rendered":"\n<p>No seguimento do projeto-piloto \u00abCondeixa tem Pedalada\u00bb, <a href=\"https:\/\/cm-condeixa.pt\/noticia\/3670\/\" data-type=\"link\" data-id=\"https:\/\/cm-condeixa.pt\/noticia\/3670\/\">organizado no ano passado com a CM de Condeixa<\/a>, estamos a organizar comboios de bicicleta e a p\u00e9 neste ano letivo 2025\/2026, com o apoio de v\u00e1rios pais e professores volunt\u00e1rios, da associa\u00e7\u00e3o <a href=\"https:\/\/www.facebook.com\/paismaiscondeixa\">PAIS+<\/a> e da <a href=\"https:\/\/www.facebook.com\/youth.cdx\/\" data-type=\"link\" data-id=\"https:\/\/www.facebook.com\/youth.cdx\/\">Youth.cdx<\/a>.<\/p>\n\n\n\n<p class=\"has-text-align-center\"><a href=\"https:\/\/forms.gle\/jiHdU1HhtsU9Jjrr9\" data-type=\"link\" data-id=\"https:\/\/docs.google.com\/forms\/d\/e\/1FAIpQLSdJwW1HUp0pKFd_CV9JN-qUMay71OeGT0875x6opWqkcqLxbg\/viewform\"><strong>Inscreva-se aqui<\/strong><\/a>.<\/p>\n\n\n\n<p>Planeamos iniciar os comboios na \u00faltima semana de mar\u00e7o e continuar a organiz\u00e1-los com regularidade semanal at\u00e9 ao final do ano letivo.<\/p>\n\n\n\n<div class=\"wp-block-columns are-vertically-aligned-center is-layout-flex wp-container-core-columns-is-layout-28f84493 wp-block-columns-is-layout-flex\">\n<div class=\"wp-block-column is-vertically-aligned-center is-layout-flow wp-block-column-is-layout-flow\" style=\"flex-basis:33.33%\">\n<figure class=\"wp-block-image aligncenter size-large is-resized\"><img loading=\"lazy\" decoding=\"async\" width=\"819\" height=\"1024\" src=\"https:\/\/condeixaparapessoas.pt\/wp-content\/uploads\/2026\/03\/Carrossel-Instagram-1-819x1024.png\" alt=\"\" class=\"wp-image-198\" style=\"width:auto;height:400px\" srcset=\"https:\/\/condeixaparapessoas.pt\/wp-content\/uploads\/2026\/03\/Carrossel-Instagram-1-819x1024.png 819w, https:\/\/condeixaparapessoas.pt\/wp-content\/uploads\/2026\/03\/Carrossel-Instagram-1-240x300.png 240w, https:\/\/condeixaparapessoas.pt\/wp-content\/uploads\/2026\/03\/Carrossel-Instagram-1-768x960.png 768w, https:\/\/condeixaparapessoas.pt\/wp-content\/uploads\/2026\/03\/Carrossel-Instagram-1.png 1080w\" sizes=\"auto, (max-width: 819px) 100vw, 819px\" \/><\/figure>\n<\/div>\n\n\n\n<div class=\"wp-block-column is-vertically-aligned-center is-layout-flow wp-block-column-is-layout-flow\" style=\"flex-basis:66.66%\">\n<figure class=\"wp-block-image aligncenter size-full is-resized\"><img loading=\"lazy\" decoding=\"async\" width=\"1023\" height=\"1023\" src=\"https:\/\/condeixaparapessoas.pt\/wp-content\/uploads\/2026\/03\/6863ad16b26d4-COLLAGE-blur-crop.jpg\" alt=\"\" class=\"wp-image-194\" style=\"width:400px\" srcset=\"https:\/\/condeixaparapessoas.pt\/wp-content\/uploads\/2026\/03\/6863ad16b26d4-COLLAGE-blur-crop.jpg 1023w, https:\/\/condeixaparapessoas.pt\/wp-content\/uploads\/2026\/03\/6863ad16b26d4-COLLAGE-blur-crop-300x300.jpg 300w, https:\/\/condeixaparapessoas.pt\/wp-content\/uploads\/2026\/03\/6863ad16b26d4-COLLAGE-blur-crop-150x150.jpg 150w, https:\/\/condeixaparapessoas.pt\/wp-content\/uploads\/2026\/03\/6863ad16b26d4-COLLAGE-blur-crop-768x768.jpg 768w\" sizes=\"auto, (max-width: 1023px) 100vw, 1023px\" \/><\/figure>\n<\/div>\n<\/div>\n\n\n\n<p><strong>O que s\u00e3o comboios de bicicleta e a p\u00e9?<\/strong><\/p>\n\n\n\n<p>Estes \u00abcomboios\u00bb s\u00e3o grupos organizados de crian\u00e7as que v\u00e3o a p\u00e9 ou de bicicleta para a escola, acompanhadas por adultos volunt\u00e1rios (os \u00abmaquinistas\u00bb), seguindo percursos com paragens e hor\u00e1rios pr\u00e9-definidos.<\/p>\n\n\n\n<p>Com esta iniciativa, pretendemos promover a autonomia infantil, o conv\u00edvio comunit\u00e1rio e a seguran\u00e7a nas imedia\u00e7\u00f5es escolares.<\/p>\n\n\n\n<p>Em v\u00e1rios munic\u00edpios e agrupamentos escolares, este g\u00e9nero de iniciativa tem sido apoiado no \u00e2mbito de pol\u00edticas p\u00fablicas de mobilidade escolar, p. ex.: <a href=\"http:\/\/cicloexpresso.pt\">CicloExpresso<\/a> e <a href=\"https:\/\/pepedal.pt\">P\u00e9Pedal<\/a>. Alguns v\u00eddeos de iniciativas semelhantes: Lisboa (<a href=\"https:\/\/www.youtube.com\/watch?v=dLPDank4GZo\" data-type=\"link\" data-id=\"https:\/\/www.youtube.com\/watch?v=dLPDank4GZo\">#1<\/a>, <a href=\"https:\/\/www.instagram.com\/reel\/DCU3VzSs_7x\/\" data-type=\"link\" data-id=\"https:\/\/www.instagram.com\/reel\/DCU3VzSs_7x\/\">#2<\/a>, <a href=\"https:\/\/www.youtube.com\/watch?v=Yp_jBj3feac\" data-type=\"link\" data-id=\"https:\/\/www.youtube.com\/watch?v=Yp_jBj3feac\">#3<\/a>), Aveiro (<a href=\"https:\/\/www.youtube.com\/watch?v=ui7b68ILUJc\" data-type=\"link\" data-id=\"https:\/\/www.youtube.com\/watch?v=ui7b68ILUJc\">#1<\/a>, <a href=\"https:\/\/www.youtube.com\/watch?v=V268esG14GU\" data-type=\"link\" data-id=\"https:\/\/www.youtube.com\/watch?v=V268esG14GU\">#2<\/a>), <a href=\"https:\/\/www.youtube.com\/watch?v=-nXijuAqAPI\" data-type=\"link\" data-id=\"https:\/\/www.youtube.com\/watch?v=-nXijuAqAPI\">Braga<\/a>, <a href=\"https:\/\/www.youtube.com\/watch?v=XFdSymNeagU\" data-type=\"link\" data-id=\"https:\/\/www.youtube.com\/watch?v=XFdSymNeagU\">Palmela<\/a>, <a href=\"https:\/\/www.youtube.com\/shorts\/Vp8aYpGxU9M\" data-type=\"link\" data-id=\"https:\/\/www.youtube.com\/shorts\/Vp8aYpGxU9M\">Almada<\/a>, <a href=\"https:\/\/www.youtube.com\/watch?v=wITxR2iTbr4\" data-type=\"link\" data-id=\"https:\/\/www.youtube.com\/watch?v=wITxR2iTbr4\">Oeiras<\/a>, entre outros.<\/p>\n\n\n\n<p><strong>Quais ser\u00e3o os percursos e hor\u00e1rios?<\/strong><\/p>\n\n\n\n<p>Os percursos e hor\u00e1rios ser\u00e3o constru\u00eddos em fun\u00e7\u00e3o das inscri\u00e7\u00f5es, mas cri\u00e1mos desde j\u00e1 <a href=\"https:\/\/www.google.com\/maps\/d\/viewer?mid=1ggQ2YvK8e0VcqRj-AwpgwdJwDl5y5Nk&amp;ll=40.11076039197087%2C-8.496216148509534&amp;z=15\" data-type=\"link\" data-id=\"https:\/\/www.google.com\/maps\/d\/viewer?mid=1ggQ2YvK8e0VcqRj-AwpgwdJwDl5y5Nk&amp;ll=40.11076039197087%2C-8.496216148509534&amp;z=15\">estas rotas preliminares<\/a>. Tipicamente, cada comboio \u00e9 feito uma vez por semana, no per\u00edodo imediatamente anterior ao in\u00edcio das atividades letivas (8h30-9h00) e apenas no sentido casa-escola.<\/p>\n\n\n\n<figure class=\"wp-block-image size-large is-resized has-custom-border\"><a href=\"https:\/\/www.google.com\/maps\/d\/viewer?mid=1ggQ2YvK8e0VcqRj-AwpgwdJwDl5y5Nk&amp;ll=40.11076039197087%2C-8.496216148509534&amp;z=15\"><img loading=\"lazy\" decoding=\"async\" width=\"1024\" height=\"579\" src=\"https:\/\/condeixaparapessoas.pt\/wp-content\/uploads\/2025\/05\/Screenshot_20250504_225807-1024x579.png\" alt=\"\" class=\"wp-image-89\" style=\"border-width:1px;width:auto;height:400px\" srcset=\"https:\/\/condeixaparapessoas.pt\/wp-content\/uploads\/2025\/05\/Screenshot_20250504_225807-1024x579.png 1024w, https:\/\/condeixaparapessoas.pt\/wp-content\/uploads\/2025\/05\/Screenshot_20250504_225807-300x170.png 300w, https:\/\/condeixaparapessoas.pt\/wp-content\/uploads\/2025\/05\/Screenshot_20250504_225807-768x434.png 768w, https:\/\/condeixaparapessoas.pt\/wp-content\/uploads\/2025\/05\/Screenshot_20250504_225807.png 1438w\" sizes=\"auto, (max-width: 1024px) 100vw, 1024px\" \/><\/a><\/figure>\n\n\n\n<p><strong>Quais s\u00e3o as regras de funcionamento<\/strong>?<\/p>\n\n\n\n<p>Para os comboios de bicicleta:<\/p>\n\n\n\n<ul class=\"wp-block-list\">\n<li>Asseguramos a presen\u00e7a de, no m\u00ednimo, 1 maquinista por cada 4 crian\u00e7as<strong>. Um maquinista principal deve seguir \u00e0 frente e outro atr\u00e1s.<\/strong> Os restantes maquinistas devem fazer caixa de seguran\u00e7a ao lado das crian\u00e7as e cortar o tr\u00e2nsito nas interse\u00e7\u00f5es, quando necess\u00e1rio.<\/li>\n\n\n\n<li>N\u00e3o devem seguir mais do que duas pessoas lado a lado, sendo que <strong>a crian\u00e7a fica sempre do lado de dentro.<\/strong><\/li>\n\n\n\n<li><strong>As<\/strong> <strong>crian\u00e7as nunca podem ultrapassar o maquinista principal<\/strong>.<\/li>\n\n\n\n<li><strong>O c\u00f3digo da estrada deve sempre ser cumprido.<\/strong> Os comboios n\u00e3o devem seguir em passeios nem em contra-m\u00e3o. Devem assinalar as viragens e aproveitar o percurso para transmitir as boas pr\u00e1ticas aos mais pequenos.<\/li>\n\n\n\n<li>Os hor\u00e1rios das paragens devem ser cumpridos.<\/li>\n\n\n\n<li>As crian\u00e7as devem <strong>manter alguma dist\u00e2ncia entre elas<\/strong> para evitar quedas no caso de paragens r\u00e1pidas, mas manter a coes\u00e3o do comboio.<\/li>\n\n\n\n<li>As crian\u00e7as devem <strong>circular com calma, sem competi\u00e7\u00f5es<\/strong>, e sem se encostarem demasiado \u00e0s bermas ou aos carros estacionados.<\/li>\n<\/ul>\n\n\n\n<p><strong>Como me posso inscrever?<\/strong><\/p>\n\n\n\n<p>Encarregados de educa\u00e7\u00e3o podem inscrever os seus educandos atrav\u00e9s <a href=\"https:\/\/forms.gle\/tZU5rE7ob87YQDjU8\" data-type=\"link\" data-id=\"https:\/\/forms.gle\/tZU5rE7ob87YQDjU8\">deste formul\u00e1rio<\/a>.<\/p>\n\n\n\n<p><strong>N\u00e3o tenho um educando na EB n.\u00ba 3, posso participar como volunt\u00e1rio?<\/strong><\/p>\n\n\n\n<p>Sim, volunt\u00e1rios que queiram auxiliar na organiza\u00e7\u00e3o dos comboios a p\u00e9 ou de bicicleta, podem inscrever-se atrav\u00e9s <a href=\"https:\/\/forms.gle\/1SqZdLLWa6Xuvxjc8\" data-type=\"link\" data-id=\"https:\/\/forms.gle\/1SqZdLLWa6Xuvxjc8\">deste formul\u00e1rio<\/a>.<\/p>\n\n\n\n<p><strong>Mais quest\u00f5es?<\/strong><\/p>\n\n\n\n<p>Pode colocar-nos quest\u00f5es por <a href=\"mailto:cpp@condeixaparapessoas.pt\" data-type=\"mailto\" data-id=\"mailto:cpp@condeixaparapessoas.pt\">email<\/a> ou pelo <a href=\"https:\/\/chat.whatsapp.com\/H7gpWm1gSj5Ed43o5SD5zX\" data-type=\"link\" data-id=\"https:\/\/chat.whatsapp.com\/H7gpWm1gSj5Ed43o5SD5zX\">WhatsApp<\/a>.<\/p>\n\n\n\n<p><\/p>\n","protected":false},"excerpt":{"rendered":"<p>Estamos a organizar comboios de bicicleta e a p\u00e9 neste ano letivo 2025\/2026, semanalmente a partir de 23 de mar\u00e7o.<\/p>\n","protected":false},"author":1,"featured_media":198,"comment_status":"open","ping_status":"open","sticky":false,"template":"","format":"standard","meta":{"footnotes":""},"categories":[6],"tags":[10],"class_list":["post-186","post","type-post","status-publish","format-standard","has-post-thumbnail","hentry","category-mobilidade","tag-comboios"],"_links":{"self":[{"href":"https:\/\/condeixaparapessoas.pt\/index.php\/wp-json\/wp\/v2\/posts\/186","targetHints":{"allow":["GET"]}}],"collection":[{"href":"https:\/\/condeixaparapessoas.pt\/index.php\/wp-json\/wp\/v2\/posts"}],"about":[{"href":"https:\/\/condeixaparapessoas.pt\/index.php\/wp-json\/wp\/v2\/types\/post"}],"author":[{"embeddable":true,"href":"https:\/\/condeixaparapessoas.pt\/index.php\/wp-json\/wp\/v2\/users\/1"}],"replies":[{"embeddable":true,"href":"https:\/\/condeixaparapessoas.pt\/index.php\/wp-json\/wp\/v2\/comments?post=186"}],"version-history":[{"count":9,"href":"https:\/\/condeixaparapessoas.pt\/index.php\/wp-json\/wp\/v2\/posts\/186\/revisions"}],"predecessor-version":[{"id":206,"href":"https:\/\/condeixaparapessoas.pt\/index.php\/wp-json\/wp\/v2\/posts\/186\/revisions\/206"}],"wp:featuredmedia":[{"embeddable":true,"href":"https:\/\/condeixaparapessoas.pt\/index.php\/wp-json\/wp\/v2\/media\/198"}],"wp:attachment":[{"href":"https:\/\/condeixaparapessoas.pt\/index.php\/wp-json\/wp\/v2\/media?parent=186"}],"wp:term":[{"taxonomy":"category","embeddable":true,"href":"https:\/\/condeixaparapessoas.pt\/index.php\/wp-json\/wp\/v2\/categories?post=186"},{"taxonomy":"post_tag","embeddable":true,"href":"https:\/\/condeixaparapessoas.pt\/index.php\/wp-json\/wp\/v2\/tags?post=186"}],"curies":[{"name":"wp","href":"https:\/\/api.w.org\/{rel}","templated":true}]}}