{"id":214,"date":"2026-05-03T11:27:28","date_gmt":"2026-05-03T10:27:28","guid":{"rendered":"https:\/\/condeixaparapessoas.pt\/?p=214"},"modified":"2026-05-03T11:30:54","modified_gmt":"2026-05-03T10:30:54","slug":"kidical-mass-5","status":"publish","type":"post","link":"https:\/\/condeixaparapessoas.pt\/index.php\/2026\/05\/03\/kidical-mass-5\/","title":{"rendered":"Kidical Mass (24 de maio 2026)"},"content":{"rendered":"\n<p>No pr\u00f3ximo dia <strong>24 de maio<\/strong> (domingo), a <a href=\"https:\/\/kidicalmass.pt\">Kidical Mass<\/a> regressa a Condeixa pela 5.\u00aa vez.<\/p>\n\n\n\n<p class=\"has-text-align-center\"><a href=\"https:\/\/forms.gle\/a9uPcuWNSBQyzigQ8\" data-type=\"link\" data-id=\"https:\/\/forms.gle\/a9uPcuWNSBQyzigQ8\">Inscri\u00e7\u00f5es gratuitas, mas obrigat\u00f3rias.<\/a><\/p>\n\n\n\n<p>Este ano, contamos novamente com o importante apoio da Uni\u00e3o de Freguesias de Condeixa, que providencia seguro de acidentes pessoais, \u00e1gua, fruta e escarpiadas! H\u00e1, por isso, lugar a <strong><a href=\"https:\/\/forms.gle\/a9uPcuWNSBQyzigQ8\" data-type=\"link\" data-id=\"https:\/\/forms.gle\/a9uPcuWNSBQyzigQ8\">inscri\u00e7\u00e3o gratuita mas obrigat\u00f3ria<\/a><\/strong> at\u00e9 ao dia 18.<\/p>\n\n\n\n<p>O encontro ser\u00e1 no Museu PO.RO.S. e a rece\u00e7\u00e3o dos participantes come\u00e7a \u00e0s <strong>9h30<\/strong>. Pedalaremos calmamente at\u00e9 Alcabideque, regressamos \u00e0 vila para passar pelas escolas amarela e azul, para terminar na Pra\u00e7a da Rep\u00fablica.<\/p>\n\n\n\n<p>Contamos convosco! \ud83d\udeb2<\/p>\n\n\n\n<p><em>A Kidical Mass \u00e9 um evento internacional que procura tornar as ruas mais amigas das crian\u00e7as (e de todos) atrav\u00e9s da chamada de aten\u00e7\u00e3o para a necessidade de se criarem condi\u00e7\u00f5es para estas se deslocarem de bicicleta ou a p\u00e9 em seguran\u00e7a.<\/em><\/p>\n\n\n\n<p><strong>O que reivindicamos?<\/strong><\/p>\n\n\n\n<ul class=\"wp-block-list\">\n<li>Envolventes escolares seguras e livres de polui\u00e7\u00e3o do ar, ru\u00eddo e tr\u00e1fego motorizado de atravessamento.<\/li>\n\n\n\n<li>Rotas seguras para as escolas.<\/li>\n\n\n\n<li>Leis de tr\u00e2nsito rodovi\u00e1rias amigas da crian\u00e7a, com uma \u201cVis\u00e3o Zero\u201d como premissa m\u00e1xima.<\/li>\n\n\n\n<li>Limite de 30 km\/h nas localidades e ruas com pessoas.<\/li>\n\n\n\n<li>Ciclovias largas, cont\u00ednuas e com cruzamentos seguros, em estradas principais.<\/li>\n\n\n\n<li>Mais espa\u00e7o p\u00fablico dedicado \u00e0 mobilidade ativa e para estar\/brincar.<\/li>\n<\/ul>\n\n\n\n<div class=\"wp-block-columns is-layout-flex wp-container-core-columns-is-layout-28f84493 wp-block-columns-is-layout-flex\">\n<div class=\"wp-block-column is-layout-flow wp-block-column-is-layout-flow\">\n<figure class=\"wp-block-image size-large\"><img loading=\"lazy\" decoding=\"async\" width=\"1024\" height=\"1024\" src=\"https:\/\/condeixaparapessoas.pt\/wp-content\/uploads\/2026\/05\/KM-Condeixa-maio-2026-1024x1024.png\" alt=\"\" class=\"wp-image-215\" srcset=\"https:\/\/condeixaparapessoas.pt\/wp-content\/uploads\/2026\/05\/KM-Condeixa-maio-2026-1024x1024.png 1024w, https:\/\/condeixaparapessoas.pt\/wp-content\/uploads\/2026\/05\/KM-Condeixa-maio-2026-300x300.png 300w, https:\/\/condeixaparapessoas.pt\/wp-content\/uploads\/2026\/05\/KM-Condeixa-maio-2026-150x150.png 150w, https:\/\/condeixaparapessoas.pt\/wp-content\/uploads\/2026\/05\/KM-Condeixa-maio-2026-768x768.png 768w, https:\/\/condeixaparapessoas.pt\/wp-content\/uploads\/2026\/05\/KM-Condeixa-maio-2026.png 1080w\" sizes=\"auto, (max-width: 1024px) 100vw, 1024px\" \/><\/figure>\n<\/div>\n\n\n\n<div class=\"wp-block-column is-layout-flow wp-block-column-is-layout-flow\">\n<figure class=\"wp-block-image size-large\"><img loading=\"lazy\" decoding=\"async\" width=\"1024\" height=\"1024\" src=\"https:\/\/condeixaparapessoas.pt\/wp-content\/uploads\/2026\/05\/KM-Condeixa-maio-2026-percurso-1024x1024.png\" alt=\"\" class=\"wp-image-216\" srcset=\"https:\/\/condeixaparapessoas.pt\/wp-content\/uploads\/2026\/05\/KM-Condeixa-maio-2026-percurso-1024x1024.png 1024w, https:\/\/condeixaparapessoas.pt\/wp-content\/uploads\/2026\/05\/KM-Condeixa-maio-2026-percurso-300x300.png 300w, https:\/\/condeixaparapessoas.pt\/wp-content\/uploads\/2026\/05\/KM-Condeixa-maio-2026-percurso-150x150.png 150w, https:\/\/condeixaparapessoas.pt\/wp-content\/uploads\/2026\/05\/KM-Condeixa-maio-2026-percurso-768x768.png 768w, https:\/\/condeixaparapessoas.pt\/wp-content\/uploads\/2026\/05\/KM-Condeixa-maio-2026-percurso.png 1080w\" sizes=\"auto, (max-width: 1024px) 100vw, 1024px\" \/><\/figure>\n<\/div>\n<\/div>\n","protected":false},"excerpt":{"rendered":"<p>No pr\u00f3ximo dia 24 de maio (domingo), a Kidical Mass regressa a Condeixa pela 5.\u00aa vez.<\/p>\n","protected":false},"author":1,"featured_media":215,"comment_status":"closed","ping_status":"closed","sticky":false,"template":"","format":"standard","meta":{"footnotes":""},"categories":[6],"tags":[9],"class_list":["post-214","post","type-post","status-publish","format-standard","has-post-thumbnail","hentry","category-mobilidade","tag-kidical-mass"],"_links":{"self":[{"href":"https:\/\/condeixaparapessoas.pt\/index.php\/wp-json\/wp\/v2\/posts\/214","targetHints":{"allow":["GET"]}}],"collection":[{"href":"https:\/\/condeixaparapessoas.pt\/index.php\/wp-json\/wp\/v2\/posts"}],"about":[{"href":"https:\/\/condeixaparapessoas.pt\/index.php\/wp-json\/wp\/v2\/types\/post"}],"author":[{"embeddable":true,"href":"https:\/\/condeixaparapessoas.pt\/index.php\/wp-json\/wp\/v2\/users\/1"}],"replies":[{"embeddable":true,"href":"https:\/\/condeixaparapessoas.pt\/index.php\/wp-json\/wp\/v2\/comments?post=214"}],"version-history":[{"count":1,"href":"https:\/\/condeixaparapessoas.pt\/index.php\/wp-json\/wp\/v2\/posts\/214\/revisions"}],"predecessor-version":[{"id":217,"href":"https:\/\/condeixaparapessoas.pt\/index.php\/wp-json\/wp\/v2\/posts\/214\/revisions\/217"}],"wp:featuredmedia":[{"embeddable":true,"href":"https:\/\/condeixaparapessoas.pt\/index.php\/wp-json\/wp\/v2\/media\/215"}],"wp:attachment":[{"href":"https:\/\/condeixaparapessoas.pt\/index.php\/wp-json\/wp\/v2\/media?parent=214"}],"wp:term":[{"taxonomy":"category","embeddable":true,"href":"https:\/\/condeixaparapessoas.pt\/index.php\/wp-json\/wp\/v2\/categories?post=214"},{"taxonomy":"post_tag","embeddable":true,"href":"https:\/\/condeixaparapessoas.pt\/index.php\/wp-json\/wp\/v2\/tags?post=214"}],"curies":[{"name":"wp","href":"https:\/\/api.w.org\/{rel}","templated":true}]}}